{"id":228,"date":"2023-05-22T13:52:38","date_gmt":"2023-05-22T11:52:38","guid":{"rendered":"https:\/\/aquaparkdecin.dchosting.cz\/?p=228"},"modified":"2023-05-22T13:52:38","modified_gmt":"2023-05-22T11:52:38","slug":"modernizace-saten-zavre-halu-na-14-dni","status":"publish","type":"post","link":"https:\/\/aquaparkdecin.dchosting.cz\/?p=228","title":{"rendered":"MODERNIZACE \u0160ATEN ZAV\u0158E HALU NA 14 DN\u00cd"},"content":{"rendered":"\n<p>V pond\u011bl\u00ed 22. kv\u011btna bude zah\u00e1jena rekonstrukce a modernizace spole\u010dn\u00fdch \u0161aten v\u010detn\u011b p\u0159\u00edstupov\u00e9 chodby pro n\u00e1v\u0161t\u011bvn\u00edky. Kv\u016fli tomu mus\u00edme uzav\u0159\u00edt kompletn\u011b celou halu v\u010detn\u011b wellness. Uzav\u00edrka bude trvat 14 dn\u00ed a skon\u010d\u00ed 4. \u010dervna. Samotn\u00e1 realizace by pak m\u011bla b\u00fdt hotova do 100 dn\u016f.<\/p>\n\n\n\n<p>V r\u00e1mci modernizace je v pl\u00e1nu v\u00fdm\u011bna \u0161atn\u00edch sk\u0159\u00edn\u00ed (\u010dipov\u00e9 z\u00e1mky s vazbou na odbavovac\u00ed syst\u00e9m), p\u0159evl\u00e9kac\u00edch kabin plus obklad\u016f a dla\u017eeb v\u010detn\u011b hydroizolac\u00ed. Ve stejn\u00fd den, tedy 22. kv\u011btna, budeme tak\u00e9 p\u0159ed\u00e1vat tobog\u00e1novou v\u011b\u017e k realizaci v\u00fdm\u011bny oken.<\/p>\n\n\n\n<p>Jeliko\u017e bourac\u00ed pr\u00e1ce nad\u011blaj\u00ed&nbsp;mno\u017estv\u00ed odpadu a nepo\u0159\u00e1dku, je nezbytn\u00e9 halu na 14 dn\u00ed uzav\u0159\u00edt. B\u011bhem t\u00e9to doby by se m\u011bly realizovat nejhlu\u010dn\u011bj\u0161\u00ed pr\u00e1ce, uzav\u0159en\u00ed vyu\u017eijeme tak\u00e9 k pravideln\u00e9 odst\u00e1vce a oprav\u00e1m baz\u00e9n\u016f.<\/p>\n\n\n\n<p>Wellness tedy bude od 22. kv\u011btna po dobu 100 dn\u00ed uzav\u0159eno; po uplynut\u00ed \u010dtrn\u00e1ctidenn\u00edho uzav\u0159en\u00ed kryt\u00e9 haly budou \u0161atny ve wellness slou\u017eit pot\u0159eb\u00e1m nav\u0161t\u011bvn\u00edk\u016f baz\u00e9nu. Bohu\u017eel, trasa do \u0161aten nebude bezbari\u00e9rov\u00e1 (schodi\u0161t\u011b do wellness, schodi\u0161t\u011b na halu), co\u017e znamen\u00e1, \u017ee b\u011bhem rekonstrukce \u0161aten&nbsp;nebude prostor haly p\u0159\u00edstupn\u00fd pro voz\u00ed\u010dk\u00e1\u0159e a n\u00e1v\u0161t\u011bvn\u00edky s pohybov\u00fdm handicapem!<\/p>\n\n\n\n<p>Rekonstrukce se nijak nedotkne&nbsp;venkovn\u00edho are\u00e1lu, kter\u00fd ji\u017e od za\u010d\u00e1tku dubna p\u0159ipravujeme v\u0161emi silami na start letn\u00ed sez\u00f3ny. Vy\u010di\u0161t\u011bny ji\u017e byly kompletn\u011b v\u0161echny baz\u00e9ny, nyn\u00ed na nich prob\u00edhaj\u00ed nezbytn\u00e9 opravy a \u00fapravy. Zelenaj\u00edc\u00ed se are\u00e1l je pozitivn\u00ed zpr\u00e1vou, kter\u00e1 mnoho n\u00e1v\u0161t\u011bvn\u00edk\u016f nab\u00edj\u00ed optimismem a dobrou n\u00e1ladou&#8230;<\/p>\n\n\n\n<p>Pro p\u0159\u00edpadn\u00e9 dal\u0161\u00ed a up\u0159es\u0148uj\u00edc\u00ed informace o odst\u00e1vce (uzav\u0159en\u00ed kryt\u00e9 haly a wellness) i postupn\u00e9m otev\u00edr\u00e1n\u00ed venkovn\u00edch baz\u00e9n\u016f sledujte n\u00e1\u0161 web i soci\u00e1ln\u00ed s\u00edt\u011b.<\/p>\n\n\n\n<p>D\u011bkujeme za pochopen\u00ed, t\u00fdm Aquaparku D\u011b\u010d\u00edn<\/p>\n","protected":false},"excerpt":{"rendered":"<p>V pond\u011bl\u00ed 22. kv\u011btna bude zah\u00e1jena rekonstrukce a modernizace spole\u010dn\u00fdch \u0161aten v\u010detn\u011b p\u0159\u00edstupov\u00e9 chodby pro n\u00e1v\u0161t\u011bvn\u00edky. Kv\u016fli tomu mus\u00edme uzav\u0159\u00edt kompletn\u011b celou halu v\u010detn\u011b wellness. Uzav\u00edrka bude trvat 14 dn\u00ed a skon\u010d\u00ed 4. \u010dervna. Samotn\u00e1 realizace by pak m\u011bla b\u00fdt hotova do 100 dn\u016f. V r\u00e1mci modernizace je v pl\u00e1nu v\u00fdm\u011bna \u0161atn\u00edch sk\u0159\u00edn\u00ed (\u010dipov\u00e9 z\u00e1mky [&hellip;]<\/p>\n","protected":false},"author":1,"featured_media":229,"comment_status":"closed","ping_status":"closed","sticky":false,"template":"","format":"standard","meta":{"footnotes":""},"categories":[1],"tags":[],"class_list":["post-228","post","type-post","status-publish","format-standard","has-post-thumbnail","hentry","category-nezarazene"],"_links":{"self":[{"href":"https:\/\/aquaparkdecin.dchosting.cz\/index.php?rest_route=\/wp\/v2\/posts\/228","targetHints":{"allow":["GET"]}}],"collection":[{"href":"https:\/\/aquaparkdecin.dchosting.cz\/index.php?rest_route=\/wp\/v2\/posts"}],"about":[{"href":"https:\/\/aquaparkdecin.dchosting.cz\/index.php?rest_route=\/wp\/v2\/types\/post"}],"author":[{"embeddable":true,"href":"https:\/\/aquaparkdecin.dchosting.cz\/index.php?rest_route=\/wp\/v2\/users\/1"}],"replies":[{"embeddable":true,"href":"https:\/\/aquaparkdecin.dchosting.cz\/index.php?rest_route=%2Fwp%2Fv2%2Fcomments&post=228"}],"version-history":[{"count":1,"href":"https:\/\/aquaparkdecin.dchosting.cz\/index.php?rest_route=\/wp\/v2\/posts\/228\/revisions"}],"predecessor-version":[{"id":230,"href":"https:\/\/aquaparkdecin.dchosting.cz\/index.php?rest_route=\/wp\/v2\/posts\/228\/revisions\/230"}],"wp:featuredmedia":[{"embeddable":true,"href":"https:\/\/aquaparkdecin.dchosting.cz\/index.php?rest_route=\/wp\/v2\/media\/229"}],"wp:attachment":[{"href":"https:\/\/aquaparkdecin.dchosting.cz\/index.php?rest_route=%2Fwp%2Fv2%2Fmedia&parent=228"}],"wp:term":[{"taxonomy":"category","embeddable":true,"href":"https:\/\/aquaparkdecin.dchosting.cz\/index.php?rest_route=%2Fwp%2Fv2%2Fcategories&post=228"},{"taxonomy":"post_tag","embeddable":true,"href":"https:\/\/aquaparkdecin.dchosting.cz\/index.php?rest_route=%2Fwp%2Fv2%2Ftags&post=228"}],"curies":[{"name":"wp","href":"https:\/\/api.w.org\/{rel}","templated":true}]}}